{"id":11030,"date":"2022-03-16T08:12:43","date_gmt":"2022-03-16T08:12:43","guid":{"rendered":"https:\/\/cabb-chemicals.com\/?p=11030"},"modified":"2022-03-16T08:12:43","modified_gmt":"2022-03-16T08:12:43","slug":"cabb-group-legt-nachhaltigkeitsbericht-fuer-2021-vor","status":"publish","type":"post","link":"https:\/\/cabb-chemicals.com\/de\/cabb-group-legt-nachhaltigkeitsbericht-fuer-2021-vor\/","title":{"rendered":"CABB Group legt Nachhaltigkeitsbericht f\u00fcr 2021 vor"},"content":{"rendered":"<h2><b>CABB Group legt Nachhaltigkeitsbericht f\u00fcr 2021 vor <\/b><\/h2>\n<p>\u2022 <b>CABB Group publiziert ersten gruppenweiten Nachhaltigkeitsbericht <\/b><\/p>\n<p>\u2022 <b>Erweiterte Berichterstattung f\u00fcr 2021 weist ESG-Kennzahlen f\u00fcr alle Standorte und L\u00e4nder aus <\/b><\/p>\n<p>\u2022 <b>CO<\/b><b>2<\/b><b>e-Ausstoss und Wasserverbrauch bereits deutlich reduziert <\/b><\/p>\n<p>\u2022 <b>CABB bekr\u00e4ftigt sein Ziel zur Reduzierung der CO<\/b><b>2<\/b><b>e-Emissionen bis 2025 <\/b><\/p>\n<p><b>Sulzbach \/ Pratteln, 16. M\u00e4rz 2022 \u2013\u00a0<\/b>Als eines der f\u00fchrenden Unternehmen in der Herstellung und Entwicklung (CDMO) von Vorprodukten, Wirkstoffen und Zwischenprodukten im Bereich Crop Science und Inhaltsstoffen f\u00fcr Life-Science-Kunden steht CABB zu seiner umfassenden Verantwortung. Dementsprechend hat sich das Unternehmen zu h\u00f6chsten Sicherheits- und ESG-Standards verpflichtet. Mit seinem Prozess-Knowhow und High-Tech-Produktionsanlagen unterst\u00fctzt CABB gemeinsam mit den Kunden die Ziele f\u00fcr nachhaltige Entwicklung der Vereinten Nationen (SDG), darunter vor allem eine sichere Lebensmittelversorgung mit besserer \u00d6kobilanz auf den verf\u00fcgbaren Anbaufl\u00e4chen.<\/p>\n<p>Der erstmals gruppenweit erstellte Nachhaltigkeitsbericht der CABB Group orientiert sich an den anspruchsvollen Standards der \u201eGlobal Reporting Initiative\u201c (GRI) und weist f\u00fcr Umwelt, Gesellschaft und Governance (ESG) detaillierte Kennzahlen aus. Dank diverser Initiativen konnte die CABB Group im Jahr 2021 gegen\u00fcber 2019 ihren Ausstoss an CO2e-\u00c4quivalenten um 13\u2018975 Tonnen (-5,3%) reduzieren. Das Unternehmen bekr\u00e4ftigt die Zielsetzung, bis 2025 CO2e-Emissionen pro Jahr um 30.000 Tonnen im Vergleich zu 2019 zu senken. Dar\u00fcber hinaus konnte \u00fcber den gleichen Zeitraum hinweg die gruppenweite Wasserentnahme um 2\u2018948 Megaliter (-8,5%) gesenkt werden. Auch steigerte das Unternehmen seinen Anteil an Frauen in F\u00fchrungspositionen auf 19,4%.<\/p>\n<p>CEO Valerie Diele-Braun sagt: \u201eUnsere Welt steht vor grundlegenden Herausforderungen. Dazu geh\u00f6ren der Klimawandel genauso wie die Ressourcenknappheit. Wir bei CABB erachten es als unsere Pflicht, uns in allen Bereichen zu verbessern und unseren \u00f6kologischen Fussabdruck deutlich zu reduzieren. Unser kontinuierliches Engagement, unsere Massnahmen und Erfolge haben wir in diesem Bericht eingehend dokumentiert. Ich freue mich, dass wir uns bei unseren anspruchsvollen Zielen auf ein solides Fundament st\u00fctzen k\u00f6nnen\u201c.<\/p>\n<p><a href=\"https:\/\/cabb-chemicals.com\/sustainability\/sustainability-strategy\/\">Hier k\u00f6nnen Sie den Bericht herunterladen.<\/a><\/p>\n","protected":false},"excerpt":{"rendered":"<p>CABB Group legt Nachhaltigkeitsbericht f\u00fcr 2021 vor \u2022 CABB Group publiziert ersten gruppenweiten Nachhaltigkeitsbericht \u2022 Erweiterte Berichterstattung f\u00fcr 2021 weist ESG-Kennzahlen f\u00fcr alle Standorte und L\u00e4nder aus \u2022 CO2e-Ausstoss und Wasserverbrauch bereits deutlich reduziert \u2022 CABB bekr\u00e4ftigt sein Ziel zur Reduzierung der CO2e-Emissionen bis 2025 Sulzbach \/ Pratteln, 16. M\u00e4rz 2022 \u2013\u00a0Als eines der f\u00fchrenden [&hellip;]<\/p>\n","protected":false},"author":3708,"featured_media":11027,"comment_status":"closed","ping_status":"open","sticky":false,"template":"","format":"standard","meta":{"_acf_changed":false,"inline_featured_image":false,"footnotes":""},"categories":[99],"tags":[],"class_list":["post-11030","post","type-post","status-publish","format-standard","has-post-thumbnail","hentry","category-pressemitteilung"],"acf":[],"yoast_head":"<!-- This site is optimized with the Yoast SEO plugin v27.4 - https:\/\/yoast.com\/product\/yoast-seo-wordpress\/ -->\n<title>CABB Group legt Nachhaltigkeitsbericht f\u00fcr 2021 vor - CABB Chemicals<\/title>\n<meta name=\"robots\" content=\"index, follow, max-snippet:-1, max-image-preview:large, max-video-preview:-1\" \/>\n<link rel=\"canonical\" href=\"https:\/\/cabb-chemicals.com\/de\/cabb-group-legt-nachhaltigkeitsbericht-fuer-2021-vor\/\" \/>\n<meta property=\"og:locale\" content=\"de_DE\" \/>\n<meta property=\"og:type\" content=\"article\" \/>\n<meta property=\"og:title\" content=\"CABB Group legt Nachhaltigkeitsbericht f\u00fcr 2021 vor - CABB Chemicals\" \/>\n<meta property=\"og:description\" content=\"CABB Group legt Nachhaltigkeitsbericht f\u00fcr 2021 vor \u2022 CABB Group publiziert ersten gruppenweiten Nachhaltigkeitsbericht \u2022 Erweiterte Berichterstattung f\u00fcr 2021 weist ESG-Kennzahlen f\u00fcr alle Standorte und L\u00e4nder aus \u2022 CO2e-Ausstoss und Wasserverbrauch bereits deutlich reduziert \u2022 CABB bekr\u00e4ftigt sein Ziel zur Reduzierung der CO2e-Emissionen bis 2025 Sulzbach \/ Pratteln, 16. M\u00e4rz 2022 \u2013\u00a0Als eines der f\u00fchrenden [&hellip;]\" \/>\n<meta property=\"og:url\" content=\"https:\/\/cabb-chemicals.com\/de\/cabb-group-legt-nachhaltigkeitsbericht-fuer-2021-vor\/\" \/>\n<meta property=\"og:site_name\" content=\"CABB Chemicals\" \/>\n<meta property=\"article:published_time\" content=\"2022-03-16T08:12:43+00:00\" \/>\n<meta property=\"og:image\" content=\"https:\/\/cabb-chemicals.com\/wp-content\/uploads\/2022\/03\/Sustainability.jpg\" \/>\n\t<meta property=\"og:image:width\" content=\"2500\" \/>\n\t<meta property=\"og:image:height\" content=\"1373\" \/>\n\t<meta property=\"og:image:type\" content=\"image\/jpeg\" \/>\n<meta name=\"author\" content=\"Barbara Sulser\" \/>\n<meta name=\"twitter:card\" content=\"summary_large_image\" \/>\n<meta name=\"twitter:label1\" content=\"Verfasst von\" \/>\n\t<meta name=\"twitter:data1\" content=\"Barbara Sulser\" \/>\n\t<meta name=\"twitter:label2\" content=\"Gesch\u00e4tzte Lesezeit\" \/>\n\t<meta name=\"twitter:data2\" content=\"2 Minuten\" \/>\n<script type=\"application\/ld+json\" class=\"yoast-schema-graph\">{\"@context\":\"https:\\\/\\\/schema.org\",\"@graph\":[{\"@type\":\"Article\",\"@id\":\"https:\\\/\\\/cabb-chemicals.com\\\/de\\\/cabb-group-legt-nachhaltigkeitsbericht-fuer-2021-vor\\\/#article\",\"isPartOf\":{\"@id\":\"https:\\\/\\\/cabb-chemicals.com\\\/de\\\/cabb-group-legt-nachhaltigkeitsbericht-fuer-2021-vor\\\/\"},\"author\":{\"name\":\"Barbara Sulser\",\"@id\":\"https:\\\/\\\/cabb-chemicals.com\\\/#\\\/schema\\\/person\\\/083626bae3fdef4cd623265ab74ea2a8\"},\"headline\":\"CABB Group legt Nachhaltigkeitsbericht f\u00fcr 2021 vor\",\"datePublished\":\"2022-03-16T08:12:43+00:00\",\"mainEntityOfPage\":{\"@id\":\"https:\\\/\\\/cabb-chemicals.com\\\/de\\\/cabb-group-legt-nachhaltigkeitsbericht-fuer-2021-vor\\\/\"},\"wordCount\":315,\"image\":{\"@id\":\"https:\\\/\\\/cabb-chemicals.com\\\/de\\\/cabb-group-legt-nachhaltigkeitsbericht-fuer-2021-vor\\\/#primaryimage\"},\"thumbnailUrl\":\"https:\\\/\\\/cabb-chemicals.com\\\/wp-content\\\/uploads\\\/2022\\\/03\\\/Sustainability.jpg\",\"articleSection\":[\"Pressemitteilung\"],\"inLanguage\":\"de-DE\"},{\"@type\":\"WebPage\",\"@id\":\"https:\\\/\\\/cabb-chemicals.com\\\/de\\\/cabb-group-legt-nachhaltigkeitsbericht-fuer-2021-vor\\\/\",\"url\":\"https:\\\/\\\/cabb-chemicals.com\\\/de\\\/cabb-group-legt-nachhaltigkeitsbericht-fuer-2021-vor\\\/\",\"name\":\"CABB Group legt Nachhaltigkeitsbericht f\u00fcr 2021 vor - CABB Chemicals\",\"isPartOf\":{\"@id\":\"https:\\\/\\\/cabb-chemicals.com\\\/#website\"},\"primaryImageOfPage\":{\"@id\":\"https:\\\/\\\/cabb-chemicals.com\\\/de\\\/cabb-group-legt-nachhaltigkeitsbericht-fuer-2021-vor\\\/#primaryimage\"},\"image\":{\"@id\":\"https:\\\/\\\/cabb-chemicals.com\\\/de\\\/cabb-group-legt-nachhaltigkeitsbericht-fuer-2021-vor\\\/#primaryimage\"},\"thumbnailUrl\":\"https:\\\/\\\/cabb-chemicals.com\\\/wp-content\\\/uploads\\\/2022\\\/03\\\/Sustainability.jpg\",\"datePublished\":\"2022-03-16T08:12:43+00:00\",\"author\":{\"@id\":\"https:\\\/\\\/cabb-chemicals.com\\\/#\\\/schema\\\/person\\\/083626bae3fdef4cd623265ab74ea2a8\"},\"breadcrumb\":{\"@id\":\"https:\\\/\\\/cabb-chemicals.com\\\/de\\\/cabb-group-legt-nachhaltigkeitsbericht-fuer-2021-vor\\\/#breadcrumb\"},\"inLanguage\":\"de-DE\",\"potentialAction\":[{\"@type\":\"ReadAction\",\"target\":[\"https:\\\/\\\/cabb-chemicals.com\\\/de\\\/cabb-group-legt-nachhaltigkeitsbericht-fuer-2021-vor\\\/\"]}]},{\"@type\":\"ImageObject\",\"inLanguage\":\"de-DE\",\"@id\":\"https:\\\/\\\/cabb-chemicals.com\\\/de\\\/cabb-group-legt-nachhaltigkeitsbericht-fuer-2021-vor\\\/#primaryimage\",\"url\":\"https:\\\/\\\/cabb-chemicals.com\\\/wp-content\\\/uploads\\\/2022\\\/03\\\/Sustainability.jpg\",\"contentUrl\":\"https:\\\/\\\/cabb-chemicals.com\\\/wp-content\\\/uploads\\\/2022\\\/03\\\/Sustainability.jpg\",\"width\":2500,\"height\":1373},{\"@type\":\"BreadcrumbList\",\"@id\":\"https:\\\/\\\/cabb-chemicals.com\\\/de\\\/cabb-group-legt-nachhaltigkeitsbericht-fuer-2021-vor\\\/#breadcrumb\",\"itemListElement\":[{\"@type\":\"ListItem\",\"position\":1,\"name\":\"Home\",\"item\":\"https:\\\/\\\/cabb-chemicals.com\\\/de\\\/\"},{\"@type\":\"ListItem\",\"position\":2,\"name\":\"CABB Group legt Nachhaltigkeitsbericht f\u00fcr 2021 vor\"}]},{\"@type\":\"WebSite\",\"@id\":\"https:\\\/\\\/cabb-chemicals.com\\\/#website\",\"url\":\"https:\\\/\\\/cabb-chemicals.com\\\/\",\"name\":\"CABB Chemicals\",\"description\":\"Your Partner in Fine Chemistry\",\"potentialAction\":[{\"@type\":\"SearchAction\",\"target\":{\"@type\":\"EntryPoint\",\"urlTemplate\":\"https:\\\/\\\/cabb-chemicals.com\\\/?s={search_term_string}\"},\"query-input\":{\"@type\":\"PropertyValueSpecification\",\"valueRequired\":true,\"valueName\":\"search_term_string\"}}],\"inLanguage\":\"de-DE\"},{\"@type\":\"Person\",\"@id\":\"https:\\\/\\\/cabb-chemicals.com\\\/#\\\/schema\\\/person\\\/083626bae3fdef4cd623265ab74ea2a8\",\"name\":\"Barbara Sulser\",\"image\":{\"@type\":\"ImageObject\",\"inLanguage\":\"de-DE\",\"@id\":\"https:\\\/\\\/secure.gravatar.com\\\/avatar\\\/f45839f9ec4c90c2ee158f00c7a29eb341812e32274790bef9eebc72a17f0e6b?s=96&d=mm&r=g\",\"url\":\"https:\\\/\\\/secure.gravatar.com\\\/avatar\\\/f45839f9ec4c90c2ee158f00c7a29eb341812e32274790bef9eebc72a17f0e6b?s=96&d=mm&r=g\",\"contentUrl\":\"https:\\\/\\\/secure.gravatar.com\\\/avatar\\\/f45839f9ec4c90c2ee158f00c7a29eb341812e32274790bef9eebc72a17f0e6b?s=96&d=mm&r=g\",\"caption\":\"Barbara Sulser\"},\"sameAs\":[\"http:\\\/\\\/www.cabb-chemicals.com\"],\"url\":\"https:\\\/\\\/cabb-chemicals.com\\\/de\\\/author\\\/bsulser\\\/\"}]}<\/script>\n<!-- \/ Yoast SEO plugin. -->","yoast_head_json":{"title":"CABB Group legt Nachhaltigkeitsbericht f\u00fcr 2021 vor - CABB Chemicals","robots":{"index":"index","follow":"follow","max-snippet":"max-snippet:-1","max-image-preview":"max-image-preview:large","max-video-preview":"max-video-preview:-1"},"canonical":"https:\/\/cabb-chemicals.com\/de\/cabb-group-legt-nachhaltigkeitsbericht-fuer-2021-vor\/","og_locale":"de_DE","og_type":"article","og_title":"CABB Group legt Nachhaltigkeitsbericht f\u00fcr 2021 vor - CABB Chemicals","og_description":"CABB Group legt Nachhaltigkeitsbericht f\u00fcr 2021 vor \u2022 CABB Group publiziert ersten gruppenweiten Nachhaltigkeitsbericht \u2022 Erweiterte Berichterstattung f\u00fcr 2021 weist ESG-Kennzahlen f\u00fcr alle Standorte und L\u00e4nder aus \u2022 CO2e-Ausstoss und Wasserverbrauch bereits deutlich reduziert \u2022 CABB bekr\u00e4ftigt sein Ziel zur Reduzierung der CO2e-Emissionen bis 2025 Sulzbach \/ Pratteln, 16. M\u00e4rz 2022 \u2013\u00a0Als eines der f\u00fchrenden [&hellip;]","og_url":"https:\/\/cabb-chemicals.com\/de\/cabb-group-legt-nachhaltigkeitsbericht-fuer-2021-vor\/","og_site_name":"CABB Chemicals","article_published_time":"2022-03-16T08:12:43+00:00","og_image":[{"width":2500,"height":1373,"url":"https:\/\/cabb-chemicals.com\/wp-content\/uploads\/2022\/03\/Sustainability.jpg","type":"image\/jpeg"}],"author":"Barbara Sulser","twitter_card":"summary_large_image","twitter_misc":{"Verfasst von":"Barbara Sulser","Gesch\u00e4tzte Lesezeit":"2 Minuten"},"schema":{"@context":"https:\/\/schema.org","@graph":[{"@type":"Article","@id":"https:\/\/cabb-chemicals.com\/de\/cabb-group-legt-nachhaltigkeitsbericht-fuer-2021-vor\/#article","isPartOf":{"@id":"https:\/\/cabb-chemicals.com\/de\/cabb-group-legt-nachhaltigkeitsbericht-fuer-2021-vor\/"},"author":{"name":"Barbara Sulser","@id":"https:\/\/cabb-chemicals.com\/#\/schema\/person\/083626bae3fdef4cd623265ab74ea2a8"},"headline":"CABB Group legt Nachhaltigkeitsbericht f\u00fcr 2021 vor","datePublished":"2022-03-16T08:12:43+00:00","mainEntityOfPage":{"@id":"https:\/\/cabb-chemicals.com\/de\/cabb-group-legt-nachhaltigkeitsbericht-fuer-2021-vor\/"},"wordCount":315,"image":{"@id":"https:\/\/cabb-chemicals.com\/de\/cabb-group-legt-nachhaltigkeitsbericht-fuer-2021-vor\/#primaryimage"},"thumbnailUrl":"https:\/\/cabb-chemicals.com\/wp-content\/uploads\/2022\/03\/Sustainability.jpg","articleSection":["Pressemitteilung"],"inLanguage":"de-DE"},{"@type":"WebPage","@id":"https:\/\/cabb-chemicals.com\/de\/cabb-group-legt-nachhaltigkeitsbericht-fuer-2021-vor\/","url":"https:\/\/cabb-chemicals.com\/de\/cabb-group-legt-nachhaltigkeitsbericht-fuer-2021-vor\/","name":"CABB Group legt Nachhaltigkeitsbericht f\u00fcr 2021 vor - CABB Chemicals","isPartOf":{"@id":"https:\/\/cabb-chemicals.com\/#website"},"primaryImageOfPage":{"@id":"https:\/\/cabb-chemicals.com\/de\/cabb-group-legt-nachhaltigkeitsbericht-fuer-2021-vor\/#primaryimage"},"image":{"@id":"https:\/\/cabb-chemicals.com\/de\/cabb-group-legt-nachhaltigkeitsbericht-fuer-2021-vor\/#primaryimage"},"thumbnailUrl":"https:\/\/cabb-chemicals.com\/wp-content\/uploads\/2022\/03\/Sustainability.jpg","datePublished":"2022-03-16T08:12:43+00:00","author":{"@id":"https:\/\/cabb-chemicals.com\/#\/schema\/person\/083626bae3fdef4cd623265ab74ea2a8"},"breadcrumb":{"@id":"https:\/\/cabb-chemicals.com\/de\/cabb-group-legt-nachhaltigkeitsbericht-fuer-2021-vor\/#breadcrumb"},"inLanguage":"de-DE","potentialAction":[{"@type":"ReadAction","target":["https:\/\/cabb-chemicals.com\/de\/cabb-group-legt-nachhaltigkeitsbericht-fuer-2021-vor\/"]}]},{"@type":"ImageObject","inLanguage":"de-DE","@id":"https:\/\/cabb-chemicals.com\/de\/cabb-group-legt-nachhaltigkeitsbericht-fuer-2021-vor\/#primaryimage","url":"https:\/\/cabb-chemicals.com\/wp-content\/uploads\/2022\/03\/Sustainability.jpg","contentUrl":"https:\/\/cabb-chemicals.com\/wp-content\/uploads\/2022\/03\/Sustainability.jpg","width":2500,"height":1373},{"@type":"BreadcrumbList","@id":"https:\/\/cabb-chemicals.com\/de\/cabb-group-legt-nachhaltigkeitsbericht-fuer-2021-vor\/#breadcrumb","itemListElement":[{"@type":"ListItem","position":1,"name":"Home","item":"https:\/\/cabb-chemicals.com\/de\/"},{"@type":"ListItem","position":2,"name":"CABB Group legt Nachhaltigkeitsbericht f\u00fcr 2021 vor"}]},{"@type":"WebSite","@id":"https:\/\/cabb-chemicals.com\/#website","url":"https:\/\/cabb-chemicals.com\/","name":"CABB Chemicals","description":"Your Partner in Fine Chemistry","potentialAction":[{"@type":"SearchAction","target":{"@type":"EntryPoint","urlTemplate":"https:\/\/cabb-chemicals.com\/?s={search_term_string}"},"query-input":{"@type":"PropertyValueSpecification","valueRequired":true,"valueName":"search_term_string"}}],"inLanguage":"de-DE"},{"@type":"Person","@id":"https:\/\/cabb-chemicals.com\/#\/schema\/person\/083626bae3fdef4cd623265ab74ea2a8","name":"Barbara Sulser","image":{"@type":"ImageObject","inLanguage":"de-DE","@id":"https:\/\/secure.gravatar.com\/avatar\/f45839f9ec4c90c2ee158f00c7a29eb341812e32274790bef9eebc72a17f0e6b?s=96&d=mm&r=g","url":"https:\/\/secure.gravatar.com\/avatar\/f45839f9ec4c90c2ee158f00c7a29eb341812e32274790bef9eebc72a17f0e6b?s=96&d=mm&r=g","contentUrl":"https:\/\/secure.gravatar.com\/avatar\/f45839f9ec4c90c2ee158f00c7a29eb341812e32274790bef9eebc72a17f0e6b?s=96&d=mm&r=g","caption":"Barbara Sulser"},"sameAs":["http:\/\/www.cabb-chemicals.com"],"url":"https:\/\/cabb-chemicals.com\/de\/author\/bsulser\/"}]}},"_links":{"self":[{"href":"https:\/\/cabb-chemicals.com\/de\/wp-json\/wp\/v2\/posts\/11030","targetHints":{"allow":["GET"]}}],"collection":[{"href":"https:\/\/cabb-chemicals.com\/de\/wp-json\/wp\/v2\/posts"}],"about":[{"href":"https:\/\/cabb-chemicals.com\/de\/wp-json\/wp\/v2\/types\/post"}],"author":[{"embeddable":true,"href":"https:\/\/cabb-chemicals.com\/de\/wp-json\/wp\/v2\/users\/3708"}],"replies":[{"embeddable":true,"href":"https:\/\/cabb-chemicals.com\/de\/wp-json\/wp\/v2\/comments?post=11030"}],"version-history":[{"count":0,"href":"https:\/\/cabb-chemicals.com\/de\/wp-json\/wp\/v2\/posts\/11030\/revisions"}],"wp:featuredmedia":[{"embeddable":true,"href":"https:\/\/cabb-chemicals.com\/de\/wp-json\/wp\/v2\/media\/11027"}],"wp:attachment":[{"href":"https:\/\/cabb-chemicals.com\/de\/wp-json\/wp\/v2\/media?parent=11030"}],"wp:term":[{"taxonomy":"category","embeddable":true,"href":"https:\/\/cabb-chemicals.com\/de\/wp-json\/wp\/v2\/categories?post=11030"},{"taxonomy":"post_tag","embeddable":true,"href":"https:\/\/cabb-chemicals.com\/de\/wp-json\/wp\/v2\/tags?post=11030"}],"curies":[{"name":"wp","href":"https:\/\/api.w.org\/{rel}","templated":true}]}}