{"id":11665,"date":"2023-03-24T06:20:15","date_gmt":"2023-03-24T06:20:15","guid":{"rendered":"https:\/\/cabb-chemicals.com\/?p=11665"},"modified":"2023-03-24T06:20:15","modified_gmt":"2023-03-24T06:20:15","slug":"thomas-h-ahrens-wird-neuer-ceo-der-cabb-group","status":"publish","type":"post","link":"https:\/\/cabb-chemicals.com\/de\/thomas-h-ahrens-wird-neuer-ceo-der-cabb-group\/","title":{"rendered":"Thomas H. Ahrens wird neuer CEO der CABB Group"},"content":{"rendered":"<p><strong>Sulzbach \/ Pratteln, 24. M\u00e4rz 2023 \u2013 Die CABB Group hat heute die bevorstehende Ernennung von Thomas H. Ahrens (61) zum neuen CEO bekanntgegeben. Ahrens ist derzeit CEO der COMPO EXPERT Gruppe, einem f\u00fchrenden globalen Hersteller von Speziald\u00fcngemitteln f\u00fcr den Profi-Gebrauch mit Sitz in M\u00fcnster (Deutschland). Ahrens wird am 1. Juni 2023 zu CABB wechseln und nach einer \u00dcbergangsphase von wenigen Monaten Valerie Diele-Braun nachfolgen, die am 1. Oktober eine neue berufliche Herausforderung annimmt.<\/strong><\/p>\n<p>\u201eWir freuen uns sehr, dass wir mit Thomas Ahrens eine erfahrene F\u00fchrungspers\u00f6nlichkeit mit einer starken Erfolgsbilanz f\u00fcr CABB gewinnen konnten. Thomas hat in seiner Karriere schon mehrfach Unternehmen erfolgreich weiterentwickelt und dabei nachhaltig Wachstum und Profitabilit\u00e4t gesteigert. Mit seiner tiefgreifenden Branchenerfahrung wird er die Position von CABB als f\u00fchrendem Unternehmen in der Herstellung und Entwicklung kundenspezifischer Wirkstoffe im Bereich Crop Science und in der Produktion hochspezialisierter Inhaltsstoffe f\u00fcr Kunden aus der Life-Science und Performance-Materials-Branche weiter st\u00e4rken. Wir sind \u00fcberzeugt, dass er mit CABB nach einem reibungslosen \u00dcbergang von Valerie erfolgreich das n\u00e4chste Kapitel der Wachstumsgeschichte schreiben wird,\u201c sagte Roberto Gualdoni, Vorsitzender des Beirats.<\/p>\n<p>Ahrens verf\u00fcgt \u00fcber mehr als 20 Jahre Erfahrung auf Gesch\u00e4ftsf\u00fchrungsebene in der Branche. Sein Fokus liegt darauf, globale Expansionsstrategien zu entwickeln und umzusetzen sowie langfristiges, profitables Wachstum voranzutreiben. Vor seiner Zeit bei COMPO EXPERT, wo er im M\u00e4rz 2016 die CEO-Position \u00fcbernommen hatte, war er u.a. vier Jahre lang als Vice President Europe bei ENTHONE t\u00e4tig. ENTHONE ist ein weltweit f\u00fchrender Anbieter von chemischen L\u00f6sungen f\u00fcr die Oberfl\u00e4chenbeschichtung mit Kunden aus verschiedensten Industrien. W\u00e4hrend Ahrens\u2018 Amtszeit haben sich beide Unternehmen sehr positiv entwickelt.<\/p>\n<p>\u201eCABB ist mit ihren erstklassigen Produkten und Dienstleistungen ideal in den jeweiligen M\u00e4rkten positioniert,\u201c so Ahrens. \u201eIch freue mich sehr auf die Zusammenarbeit mit meinen neuen mehr als 1000 Kolleginnen und Kollegen rund um den Globus, dem gesamten Management-Team und der Eigent\u00fcmerin Permira. Mit vereinten Kr\u00e4ften werden wir das volle Potenzial von CABB aussch\u00f6pfen und unsere nachhaltige Wachstumsstrategie vorantreiben.\u201c<\/p>\n<p><a href=\"https:\/\/cabb-chemicals.com\/wp-content\/uploads\/2023\/03\/MM_CABB_Neuer_CEO_Ahrens_DE.pdf\">\u2013 Medienmitteilung: Thomas H. Ahrens wird neuer CEO der CABB Group<\/a><\/p>\n","protected":false},"excerpt":{"rendered":"<p>Sulzbach \/ Pratteln, 24. M\u00e4rz 2023 \u2013 Die CABB Group hat heute die bevorstehende Ernennung von Thomas H. Ahrens (61) zum neuen CEO bekanntgegeben. Ahrens ist derzeit CEO der COMPO EXPERT Gruppe, einem f\u00fchrenden globalen Hersteller von Speziald\u00fcngemitteln f\u00fcr den Profi-Gebrauch mit Sitz in M\u00fcnster (Deutschland). Ahrens wird am 1. Juni 2023 zu CABB wechseln [&hellip;]<\/p>\n","protected":false},"author":3708,"featured_media":11661,"comment_status":"closed","ping_status":"open","sticky":false,"template":"","format":"standard","meta":{"_acf_changed":false,"inline_featured_image":false,"footnotes":""},"categories":[99],"tags":[],"class_list":["post-11665","post","type-post","status-publish","format-standard","has-post-thumbnail","hentry","category-pressemitteilung"],"acf":[],"yoast_head":"<!-- This site is optimized with the Yoast SEO plugin v27.5 - https:\/\/yoast.com\/product\/yoast-seo-wordpress\/ -->\n<title>Thomas H. Ahrens wird neuer CEO der CABB Group - CABB Chemicals<\/title>\n<meta name=\"robots\" content=\"index, follow, max-snippet:-1, max-image-preview:large, max-video-preview:-1\" \/>\n<link rel=\"canonical\" href=\"https:\/\/cabb-chemicals.com\/de\/thomas-h-ahrens-wird-neuer-ceo-der-cabb-group\/\" \/>\n<meta property=\"og:locale\" content=\"de_DE\" \/>\n<meta property=\"og:type\" content=\"article\" \/>\n<meta property=\"og:title\" content=\"Thomas H. Ahrens wird neuer CEO der CABB Group - CABB Chemicals\" \/>\n<meta property=\"og:description\" content=\"Sulzbach \/ Pratteln, 24. M\u00e4rz 2023 \u2013 Die CABB Group hat heute die bevorstehende Ernennung von Thomas H. Ahrens (61) zum neuen CEO bekanntgegeben. Ahrens ist derzeit CEO der COMPO EXPERT Gruppe, einem f\u00fchrenden globalen Hersteller von Speziald\u00fcngemitteln f\u00fcr den Profi-Gebrauch mit Sitz in M\u00fcnster (Deutschland). Ahrens wird am 1. Juni 2023 zu CABB wechseln [&hellip;]\" \/>\n<meta property=\"og:url\" content=\"https:\/\/cabb-chemicals.com\/de\/thomas-h-ahrens-wird-neuer-ceo-der-cabb-group\/\" \/>\n<meta property=\"og:site_name\" content=\"CABB Chemicals\" \/>\n<meta property=\"article:published_time\" content=\"2023-03-24T06:20:15+00:00\" \/>\n<meta property=\"og:image\" content=\"https:\/\/cabb-chemicals.com\/wp-content\/uploads\/2023\/03\/Ahrens.jpg\" \/>\n\t<meta property=\"og:image:width\" content=\"587\" \/>\n\t<meta property=\"og:image:height\" content=\"658\" \/>\n\t<meta property=\"og:image:type\" content=\"image\/jpeg\" \/>\n<meta name=\"author\" content=\"Barbara Sulser\" \/>\n<meta name=\"twitter:card\" content=\"summary_large_image\" \/>\n<meta name=\"twitter:label1\" content=\"Verfasst von\" \/>\n\t<meta name=\"twitter:data1\" content=\"Barbara Sulser\" \/>\n\t<meta name=\"twitter:label2\" content=\"Gesch\u00e4tzte Lesezeit\" \/>\n\t<meta name=\"twitter:data2\" content=\"2 Minuten\" \/>\n<script type=\"application\/ld+json\" class=\"yoast-schema-graph\">{\"@context\":\"https:\\\/\\\/schema.org\",\"@graph\":[{\"@type\":\"Article\",\"@id\":\"https:\\\/\\\/cabb-chemicals.com\\\/de\\\/thomas-h-ahrens-wird-neuer-ceo-der-cabb-group\\\/#article\",\"isPartOf\":{\"@id\":\"https:\\\/\\\/cabb-chemicals.com\\\/de\\\/thomas-h-ahrens-wird-neuer-ceo-der-cabb-group\\\/\"},\"author\":{\"name\":\"Barbara Sulser\",\"@id\":\"https:\\\/\\\/cabb-chemicals.com\\\/#\\\/schema\\\/person\\\/083626bae3fdef4cd623265ab74ea2a8\"},\"headline\":\"Thomas H. Ahrens wird neuer CEO der CABB Group\",\"datePublished\":\"2023-03-24T06:20:15+00:00\",\"mainEntityOfPage\":{\"@id\":\"https:\\\/\\\/cabb-chemicals.com\\\/de\\\/thomas-h-ahrens-wird-neuer-ceo-der-cabb-group\\\/\"},\"wordCount\":355,\"image\":{\"@id\":\"https:\\\/\\\/cabb-chemicals.com\\\/de\\\/thomas-h-ahrens-wird-neuer-ceo-der-cabb-group\\\/#primaryimage\"},\"thumbnailUrl\":\"https:\\\/\\\/cabb-chemicals.com\\\/wp-content\\\/uploads\\\/2023\\\/03\\\/Ahrens.jpg\",\"articleSection\":[\"Pressemitteilung\"],\"inLanguage\":\"de-DE\"},{\"@type\":\"WebPage\",\"@id\":\"https:\\\/\\\/cabb-chemicals.com\\\/de\\\/thomas-h-ahrens-wird-neuer-ceo-der-cabb-group\\\/\",\"url\":\"https:\\\/\\\/cabb-chemicals.com\\\/de\\\/thomas-h-ahrens-wird-neuer-ceo-der-cabb-group\\\/\",\"name\":\"Thomas H. Ahrens wird neuer CEO der CABB Group - CABB Chemicals\",\"isPartOf\":{\"@id\":\"https:\\\/\\\/cabb-chemicals.com\\\/#website\"},\"primaryImageOfPage\":{\"@id\":\"https:\\\/\\\/cabb-chemicals.com\\\/de\\\/thomas-h-ahrens-wird-neuer-ceo-der-cabb-group\\\/#primaryimage\"},\"image\":{\"@id\":\"https:\\\/\\\/cabb-chemicals.com\\\/de\\\/thomas-h-ahrens-wird-neuer-ceo-der-cabb-group\\\/#primaryimage\"},\"thumbnailUrl\":\"https:\\\/\\\/cabb-chemicals.com\\\/wp-content\\\/uploads\\\/2023\\\/03\\\/Ahrens.jpg\",\"datePublished\":\"2023-03-24T06:20:15+00:00\",\"author\":{\"@id\":\"https:\\\/\\\/cabb-chemicals.com\\\/#\\\/schema\\\/person\\\/083626bae3fdef4cd623265ab74ea2a8\"},\"breadcrumb\":{\"@id\":\"https:\\\/\\\/cabb-chemicals.com\\\/de\\\/thomas-h-ahrens-wird-neuer-ceo-der-cabb-group\\\/#breadcrumb\"},\"inLanguage\":\"de-DE\",\"potentialAction\":[{\"@type\":\"ReadAction\",\"target\":[\"https:\\\/\\\/cabb-chemicals.com\\\/de\\\/thomas-h-ahrens-wird-neuer-ceo-der-cabb-group\\\/\"]}]},{\"@type\":\"ImageObject\",\"inLanguage\":\"de-DE\",\"@id\":\"https:\\\/\\\/cabb-chemicals.com\\\/de\\\/thomas-h-ahrens-wird-neuer-ceo-der-cabb-group\\\/#primaryimage\",\"url\":\"https:\\\/\\\/cabb-chemicals.com\\\/wp-content\\\/uploads\\\/2023\\\/03\\\/Ahrens.jpg\",\"contentUrl\":\"https:\\\/\\\/cabb-chemicals.com\\\/wp-content\\\/uploads\\\/2023\\\/03\\\/Ahrens.jpg\",\"width\":587,\"height\":658},{\"@type\":\"BreadcrumbList\",\"@id\":\"https:\\\/\\\/cabb-chemicals.com\\\/de\\\/thomas-h-ahrens-wird-neuer-ceo-der-cabb-group\\\/#breadcrumb\",\"itemListElement\":[{\"@type\":\"ListItem\",\"position\":1,\"name\":\"Home\",\"item\":\"https:\\\/\\\/cabb-chemicals.com\\\/de\\\/\"},{\"@type\":\"ListItem\",\"position\":2,\"name\":\"Thomas H. Ahrens wird neuer CEO der CABB Group\"}]},{\"@type\":\"WebSite\",\"@id\":\"https:\\\/\\\/cabb-chemicals.com\\\/#website\",\"url\":\"https:\\\/\\\/cabb-chemicals.com\\\/\",\"name\":\"CABB Chemicals\",\"description\":\"Your Partner in Fine Chemistry\",\"potentialAction\":[{\"@type\":\"SearchAction\",\"target\":{\"@type\":\"EntryPoint\",\"urlTemplate\":\"https:\\\/\\\/cabb-chemicals.com\\\/?s={search_term_string}\"},\"query-input\":{\"@type\":\"PropertyValueSpecification\",\"valueRequired\":true,\"valueName\":\"search_term_string\"}}],\"inLanguage\":\"de-DE\"},{\"@type\":\"Person\",\"@id\":\"https:\\\/\\\/cabb-chemicals.com\\\/#\\\/schema\\\/person\\\/083626bae3fdef4cd623265ab74ea2a8\",\"name\":\"Barbara Sulser\",\"image\":{\"@type\":\"ImageObject\",\"inLanguage\":\"de-DE\",\"@id\":\"https:\\\/\\\/secure.gravatar.com\\\/avatar\\\/f45839f9ec4c90c2ee158f00c7a29eb341812e32274790bef9eebc72a17f0e6b?s=96&d=mm&r=g\",\"url\":\"https:\\\/\\\/secure.gravatar.com\\\/avatar\\\/f45839f9ec4c90c2ee158f00c7a29eb341812e32274790bef9eebc72a17f0e6b?s=96&d=mm&r=g\",\"contentUrl\":\"https:\\\/\\\/secure.gravatar.com\\\/avatar\\\/f45839f9ec4c90c2ee158f00c7a29eb341812e32274790bef9eebc72a17f0e6b?s=96&d=mm&r=g\",\"caption\":\"Barbara Sulser\"},\"sameAs\":[\"http:\\\/\\\/www.cabb-chemicals.com\"],\"url\":\"https:\\\/\\\/cabb-chemicals.com\\\/de\\\/author\\\/bsulser\\\/\"}]}<\/script>\n<!-- \/ Yoast SEO plugin. -->","yoast_head_json":{"title":"Thomas H. Ahrens wird neuer CEO der CABB Group - CABB Chemicals","robots":{"index":"index","follow":"follow","max-snippet":"max-snippet:-1","max-image-preview":"max-image-preview:large","max-video-preview":"max-video-preview:-1"},"canonical":"https:\/\/cabb-chemicals.com\/de\/thomas-h-ahrens-wird-neuer-ceo-der-cabb-group\/","og_locale":"de_DE","og_type":"article","og_title":"Thomas H. Ahrens wird neuer CEO der CABB Group - CABB Chemicals","og_description":"Sulzbach \/ Pratteln, 24. M\u00e4rz 2023 \u2013 Die CABB Group hat heute die bevorstehende Ernennung von Thomas H. Ahrens (61) zum neuen CEO bekanntgegeben. Ahrens ist derzeit CEO der COMPO EXPERT Gruppe, einem f\u00fchrenden globalen Hersteller von Speziald\u00fcngemitteln f\u00fcr den Profi-Gebrauch mit Sitz in M\u00fcnster (Deutschland). Ahrens wird am 1. Juni 2023 zu CABB wechseln [&hellip;]","og_url":"https:\/\/cabb-chemicals.com\/de\/thomas-h-ahrens-wird-neuer-ceo-der-cabb-group\/","og_site_name":"CABB Chemicals","article_published_time":"2023-03-24T06:20:15+00:00","og_image":[{"width":587,"height":658,"url":"https:\/\/cabb-chemicals.com\/wp-content\/uploads\/2023\/03\/Ahrens.jpg","type":"image\/jpeg"}],"author":"Barbara Sulser","twitter_card":"summary_large_image","twitter_misc":{"Verfasst von":"Barbara Sulser","Gesch\u00e4tzte Lesezeit":"2 Minuten"},"schema":{"@context":"https:\/\/schema.org","@graph":[{"@type":"Article","@id":"https:\/\/cabb-chemicals.com\/de\/thomas-h-ahrens-wird-neuer-ceo-der-cabb-group\/#article","isPartOf":{"@id":"https:\/\/cabb-chemicals.com\/de\/thomas-h-ahrens-wird-neuer-ceo-der-cabb-group\/"},"author":{"name":"Barbara Sulser","@id":"https:\/\/cabb-chemicals.com\/#\/schema\/person\/083626bae3fdef4cd623265ab74ea2a8"},"headline":"Thomas H. Ahrens wird neuer CEO der CABB Group","datePublished":"2023-03-24T06:20:15+00:00","mainEntityOfPage":{"@id":"https:\/\/cabb-chemicals.com\/de\/thomas-h-ahrens-wird-neuer-ceo-der-cabb-group\/"},"wordCount":355,"image":{"@id":"https:\/\/cabb-chemicals.com\/de\/thomas-h-ahrens-wird-neuer-ceo-der-cabb-group\/#primaryimage"},"thumbnailUrl":"https:\/\/cabb-chemicals.com\/wp-content\/uploads\/2023\/03\/Ahrens.jpg","articleSection":["Pressemitteilung"],"inLanguage":"de-DE"},{"@type":"WebPage","@id":"https:\/\/cabb-chemicals.com\/de\/thomas-h-ahrens-wird-neuer-ceo-der-cabb-group\/","url":"https:\/\/cabb-chemicals.com\/de\/thomas-h-ahrens-wird-neuer-ceo-der-cabb-group\/","name":"Thomas H. Ahrens wird neuer CEO der CABB Group - CABB Chemicals","isPartOf":{"@id":"https:\/\/cabb-chemicals.com\/#website"},"primaryImageOfPage":{"@id":"https:\/\/cabb-chemicals.com\/de\/thomas-h-ahrens-wird-neuer-ceo-der-cabb-group\/#primaryimage"},"image":{"@id":"https:\/\/cabb-chemicals.com\/de\/thomas-h-ahrens-wird-neuer-ceo-der-cabb-group\/#primaryimage"},"thumbnailUrl":"https:\/\/cabb-chemicals.com\/wp-content\/uploads\/2023\/03\/Ahrens.jpg","datePublished":"2023-03-24T06:20:15+00:00","author":{"@id":"https:\/\/cabb-chemicals.com\/#\/schema\/person\/083626bae3fdef4cd623265ab74ea2a8"},"breadcrumb":{"@id":"https:\/\/cabb-chemicals.com\/de\/thomas-h-ahrens-wird-neuer-ceo-der-cabb-group\/#breadcrumb"},"inLanguage":"de-DE","potentialAction":[{"@type":"ReadAction","target":["https:\/\/cabb-chemicals.com\/de\/thomas-h-ahrens-wird-neuer-ceo-der-cabb-group\/"]}]},{"@type":"ImageObject","inLanguage":"de-DE","@id":"https:\/\/cabb-chemicals.com\/de\/thomas-h-ahrens-wird-neuer-ceo-der-cabb-group\/#primaryimage","url":"https:\/\/cabb-chemicals.com\/wp-content\/uploads\/2023\/03\/Ahrens.jpg","contentUrl":"https:\/\/cabb-chemicals.com\/wp-content\/uploads\/2023\/03\/Ahrens.jpg","width":587,"height":658},{"@type":"BreadcrumbList","@id":"https:\/\/cabb-chemicals.com\/de\/thomas-h-ahrens-wird-neuer-ceo-der-cabb-group\/#breadcrumb","itemListElement":[{"@type":"ListItem","position":1,"name":"Home","item":"https:\/\/cabb-chemicals.com\/de\/"},{"@type":"ListItem","position":2,"name":"Thomas H. Ahrens wird neuer CEO der CABB Group"}]},{"@type":"WebSite","@id":"https:\/\/cabb-chemicals.com\/#website","url":"https:\/\/cabb-chemicals.com\/","name":"CABB Chemicals","description":"Your Partner in Fine Chemistry","potentialAction":[{"@type":"SearchAction","target":{"@type":"EntryPoint","urlTemplate":"https:\/\/cabb-chemicals.com\/?s={search_term_string}"},"query-input":{"@type":"PropertyValueSpecification","valueRequired":true,"valueName":"search_term_string"}}],"inLanguage":"de-DE"},{"@type":"Person","@id":"https:\/\/cabb-chemicals.com\/#\/schema\/person\/083626bae3fdef4cd623265ab74ea2a8","name":"Barbara Sulser","image":{"@type":"ImageObject","inLanguage":"de-DE","@id":"https:\/\/secure.gravatar.com\/avatar\/f45839f9ec4c90c2ee158f00c7a29eb341812e32274790bef9eebc72a17f0e6b?s=96&d=mm&r=g","url":"https:\/\/secure.gravatar.com\/avatar\/f45839f9ec4c90c2ee158f00c7a29eb341812e32274790bef9eebc72a17f0e6b?s=96&d=mm&r=g","contentUrl":"https:\/\/secure.gravatar.com\/avatar\/f45839f9ec4c90c2ee158f00c7a29eb341812e32274790bef9eebc72a17f0e6b?s=96&d=mm&r=g","caption":"Barbara Sulser"},"sameAs":["http:\/\/www.cabb-chemicals.com"],"url":"https:\/\/cabb-chemicals.com\/de\/author\/bsulser\/"}]}},"_links":{"self":[{"href":"https:\/\/cabb-chemicals.com\/de\/wp-json\/wp\/v2\/posts\/11665","targetHints":{"allow":["GET"]}}],"collection":[{"href":"https:\/\/cabb-chemicals.com\/de\/wp-json\/wp\/v2\/posts"}],"about":[{"href":"https:\/\/cabb-chemicals.com\/de\/wp-json\/wp\/v2\/types\/post"}],"author":[{"embeddable":true,"href":"https:\/\/cabb-chemicals.com\/de\/wp-json\/wp\/v2\/users\/3708"}],"replies":[{"embeddable":true,"href":"https:\/\/cabb-chemicals.com\/de\/wp-json\/wp\/v2\/comments?post=11665"}],"version-history":[{"count":0,"href":"https:\/\/cabb-chemicals.com\/de\/wp-json\/wp\/v2\/posts\/11665\/revisions"}],"wp:featuredmedia":[{"embeddable":true,"href":"https:\/\/cabb-chemicals.com\/de\/wp-json\/wp\/v2\/media\/11661"}],"wp:attachment":[{"href":"https:\/\/cabb-chemicals.com\/de\/wp-json\/wp\/v2\/media?parent=11665"}],"wp:term":[{"taxonomy":"category","embeddable":true,"href":"https:\/\/cabb-chemicals.com\/de\/wp-json\/wp\/v2\/categories?post=11665"},{"taxonomy":"post_tag","embeddable":true,"href":"https:\/\/cabb-chemicals.com\/de\/wp-json\/wp\/v2\/tags?post=11665"}],"curies":[{"name":"wp","href":"https:\/\/api.w.org\/{rel}","templated":true}]}}