{"id":9710,"date":"2019-05-22T10:00:09","date_gmt":"2019-05-22T10:00:09","guid":{"rendered":"https:\/\/cabb-chemicals.com\/?p=9710"},"modified":"2023-09-12T21:23:43","modified_gmt":"2023-09-12T21:23:43","slug":"cabb-ceo-in-den-vorstand-von-scienceindustries-gewaehlt","status":"publish","type":"post","link":"https:\/\/cabb-chemicals.com\/de\/cabb-ceo-in-den-vorstand-von-scienceindustries-gewaehlt\/","title":{"rendered":"CABB CEO in den Vorstand von scienceindustries gew\u00e4hlt"},"content":{"rendered":"<p>CABB ist ab sofort in herausgehobener Stellung im Schweizer Wirtschaftsverband\u00a0<a href=\"https:\/\/www.scienceindustries.ch\/\">scienceindustries<\/a>\u00a0pr\u00e4sent: CEO Valerie Diele-Braun wurde auf der Generalversammlung am 17. Mai in den Vorstand gew\u00e4hlt, gemeinsam mit Vertretern von Unternehmen wie BASF, Givaudan und Lonza.<\/p>\n<p>scienceindustries vertritt mehr als 250 in der Schweiz t\u00e4tige Unternehmen aus Chemie, Pharma, Life Sciences und anderen wissenschaftsbasierten Industrien, darunter gro\u00dfe Kunden der CABB wie Bayer und Syngenta. Der Verband selbst ist ein ma\u00dfgebliches Mitglied von\u00a0<a href=\"https:\/\/www.economiesuisse.ch\/de\" target=\"_blank\" rel=\"noopener noreferrer\">economiesuisse<\/a>, dem Dachverband der schweizerischen Wirtschaft, und setzt sich generell f\u00fcr attraktive Rahmenbedingungen f\u00fcr die gr\u00f6\u00dfte Exportindustrie des Landes ein.<\/p>\n<p>Valerie Diele-Braun sagt: \u201eDass die Mitglieder dieses einflussreichen Verbandes eine Vertreterin der CABB in den Vorstand w\u00e4hlten ist ein weiteres Zeichen f\u00fcr die hohe Wertsch\u00e4tzung, die unser Unternehmen genie\u00dft. Ich f\u00fchle mich pers\u00f6nlich geehrt und werde alles daransetzen, das Vertrauen der Mitglieder zu rechtfertigen und zu optimalen Entwicklungsm\u00f6glichkeiten unserer Branche beizutragen.\u201c<\/p>\n","protected":false},"excerpt":{"rendered":"<p>CABB ist ab sofort in herausgehobener Stellung im Schweizer Wirtschaftsverband\u00a0scienceindustries\u00a0pr\u00e4sent: CEO Valerie Diele-Braun wurde auf der Generalversammlung am 17. Mai in den Vorstand gew\u00e4hlt, gemeinsam mit Vertretern von Unternehmen wie BASF, Givaudan und Lonza. scienceindustries vertritt mehr als 250 in der Schweiz t\u00e4tige Unternehmen aus Chemie, Pharma, Life Sciences und anderen wissenschaftsbasierten Industrien, darunter gro\u00dfe [&hellip;]<\/p>\n","protected":false},"author":3708,"featured_media":9711,"comment_status":"closed","ping_status":"open","sticky":false,"template":"","format":"standard","meta":{"_acf_changed":false,"inline_featured_image":false,"footnotes":""},"categories":[99],"tags":[],"class_list":["post-9710","post","type-post","status-publish","format-standard","has-post-thumbnail","hentry","category-pressemitteilung"],"acf":[],"yoast_head":"<!-- This site is optimized with the Yoast SEO plugin v27.5 - https:\/\/yoast.com\/product\/yoast-seo-wordpress\/ -->\n<title>CABB CEO in den Vorstand von scienceindustries gew\u00e4hlt - CABB Chemicals<\/title>\n<meta name=\"robots\" content=\"index, follow, max-snippet:-1, max-image-preview:large, max-video-preview:-1\" \/>\n<link rel=\"canonical\" href=\"https:\/\/cabb-chemicals.com\/de\/cabb-ceo-in-den-vorstand-von-scienceindustries-gewaehlt\/\" \/>\n<meta property=\"og:locale\" content=\"de_DE\" \/>\n<meta property=\"og:type\" content=\"article\" \/>\n<meta property=\"og:title\" content=\"CABB CEO in den Vorstand von scienceindustries gew\u00e4hlt - CABB Chemicals\" \/>\n<meta property=\"og:description\" content=\"CABB ist ab sofort in herausgehobener Stellung im Schweizer Wirtschaftsverband\u00a0scienceindustries\u00a0pr\u00e4sent: CEO Valerie Diele-Braun wurde auf der Generalversammlung am 17. Mai in den Vorstand gew\u00e4hlt, gemeinsam mit Vertretern von Unternehmen wie BASF, Givaudan und Lonza. scienceindustries vertritt mehr als 250 in der Schweiz t\u00e4tige Unternehmen aus Chemie, Pharma, Life Sciences und anderen wissenschaftsbasierten Industrien, darunter gro\u00dfe [&hellip;]\" \/>\n<meta property=\"og:url\" content=\"https:\/\/cabb-chemicals.com\/de\/cabb-ceo-in-den-vorstand-von-scienceindustries-gewaehlt\/\" \/>\n<meta property=\"og:site_name\" content=\"CABB Chemicals\" \/>\n<meta property=\"article:published_time\" content=\"2019-05-22T10:00:09+00:00\" \/>\n<meta property=\"article:modified_time\" content=\"2023-09-12T21:23:43+00:00\" \/>\n<meta property=\"og:image\" content=\"https:\/\/cabb-chemicals.com\/wp-content\/uploads\/2021\/03\/Valerie-Diele-Braun-IPTC-scaled.jpg\" \/>\n\t<meta property=\"og:image:width\" content=\"2560\" \/>\n\t<meta property=\"og:image:height\" content=\"1707\" \/>\n\t<meta property=\"og:image:type\" content=\"image\/jpeg\" \/>\n<meta name=\"author\" content=\"Barbara Sulser\" \/>\n<meta name=\"twitter:card\" content=\"summary_large_image\" \/>\n<meta name=\"twitter:label1\" content=\"Verfasst von\" \/>\n\t<meta name=\"twitter:data1\" content=\"Barbara Sulser\" \/>\n\t<meta name=\"twitter:label2\" content=\"Gesch\u00e4tzte Lesezeit\" \/>\n\t<meta name=\"twitter:data2\" content=\"1 Minute\" \/>\n<script type=\"application\/ld+json\" class=\"yoast-schema-graph\">{\"@context\":\"https:\\\/\\\/schema.org\",\"@graph\":[{\"@type\":\"Article\",\"@id\":\"https:\\\/\\\/cabb-chemicals.com\\\/de\\\/cabb-ceo-in-den-vorstand-von-scienceindustries-gewaehlt\\\/#article\",\"isPartOf\":{\"@id\":\"https:\\\/\\\/cabb-chemicals.com\\\/de\\\/cabb-ceo-in-den-vorstand-von-scienceindustries-gewaehlt\\\/\"},\"author\":{\"name\":\"Barbara Sulser\",\"@id\":\"https:\\\/\\\/cabb-chemicals.com\\\/#\\\/schema\\\/person\\\/083626bae3fdef4cd623265ab74ea2a8\"},\"headline\":\"CABB CEO in den Vorstand von scienceindustries gew\u00e4hlt\",\"datePublished\":\"2019-05-22T10:00:09+00:00\",\"dateModified\":\"2023-09-12T21:23:43+00:00\",\"mainEntityOfPage\":{\"@id\":\"https:\\\/\\\/cabb-chemicals.com\\\/de\\\/cabb-ceo-in-den-vorstand-von-scienceindustries-gewaehlt\\\/\"},\"wordCount\":165,\"image\":{\"@id\":\"https:\\\/\\\/cabb-chemicals.com\\\/de\\\/cabb-ceo-in-den-vorstand-von-scienceindustries-gewaehlt\\\/#primaryimage\"},\"thumbnailUrl\":\"https:\\\/\\\/cabb-chemicals.com\\\/wp-content\\\/uploads\\\/2021\\\/03\\\/Valerie-Diele-Braun-IPTC-scaled.jpg\",\"articleSection\":[\"Pressemitteilung\"],\"inLanguage\":\"de-DE\"},{\"@type\":\"WebPage\",\"@id\":\"https:\\\/\\\/cabb-chemicals.com\\\/de\\\/cabb-ceo-in-den-vorstand-von-scienceindustries-gewaehlt\\\/\",\"url\":\"https:\\\/\\\/cabb-chemicals.com\\\/de\\\/cabb-ceo-in-den-vorstand-von-scienceindustries-gewaehlt\\\/\",\"name\":\"CABB CEO in den Vorstand von scienceindustries gew\u00e4hlt - CABB Chemicals\",\"isPartOf\":{\"@id\":\"https:\\\/\\\/cabb-chemicals.com\\\/#website\"},\"primaryImageOfPage\":{\"@id\":\"https:\\\/\\\/cabb-chemicals.com\\\/de\\\/cabb-ceo-in-den-vorstand-von-scienceindustries-gewaehlt\\\/#primaryimage\"},\"image\":{\"@id\":\"https:\\\/\\\/cabb-chemicals.com\\\/de\\\/cabb-ceo-in-den-vorstand-von-scienceindustries-gewaehlt\\\/#primaryimage\"},\"thumbnailUrl\":\"https:\\\/\\\/cabb-chemicals.com\\\/wp-content\\\/uploads\\\/2021\\\/03\\\/Valerie-Diele-Braun-IPTC-scaled.jpg\",\"datePublished\":\"2019-05-22T10:00:09+00:00\",\"dateModified\":\"2023-09-12T21:23:43+00:00\",\"author\":{\"@id\":\"https:\\\/\\\/cabb-chemicals.com\\\/#\\\/schema\\\/person\\\/083626bae3fdef4cd623265ab74ea2a8\"},\"breadcrumb\":{\"@id\":\"https:\\\/\\\/cabb-chemicals.com\\\/de\\\/cabb-ceo-in-den-vorstand-von-scienceindustries-gewaehlt\\\/#breadcrumb\"},\"inLanguage\":\"de-DE\",\"potentialAction\":[{\"@type\":\"ReadAction\",\"target\":[\"https:\\\/\\\/cabb-chemicals.com\\\/de\\\/cabb-ceo-in-den-vorstand-von-scienceindustries-gewaehlt\\\/\"]}]},{\"@type\":\"ImageObject\",\"inLanguage\":\"de-DE\",\"@id\":\"https:\\\/\\\/cabb-chemicals.com\\\/de\\\/cabb-ceo-in-den-vorstand-von-scienceindustries-gewaehlt\\\/#primaryimage\",\"url\":\"https:\\\/\\\/cabb-chemicals.com\\\/wp-content\\\/uploads\\\/2021\\\/03\\\/Valerie-Diele-Braun-IPTC-scaled.jpg\",\"contentUrl\":\"https:\\\/\\\/cabb-chemicals.com\\\/wp-content\\\/uploads\\\/2021\\\/03\\\/Valerie-Diele-Braun-IPTC-scaled.jpg\",\"width\":2560,\"height\":1707,\"caption\":\"Valerie Diele-Braun ist Chief Executive Officer der CABB Group Valerie Diele-Braun is CABB Group's Chief Executive Officer\"},{\"@type\":\"BreadcrumbList\",\"@id\":\"https:\\\/\\\/cabb-chemicals.com\\\/de\\\/cabb-ceo-in-den-vorstand-von-scienceindustries-gewaehlt\\\/#breadcrumb\",\"itemListElement\":[{\"@type\":\"ListItem\",\"position\":1,\"name\":\"Home\",\"item\":\"https:\\\/\\\/cabb-chemicals.com\\\/de\\\/\"},{\"@type\":\"ListItem\",\"position\":2,\"name\":\"CABB CEO in den Vorstand von scienceindustries gew\u00e4hlt\"}]},{\"@type\":\"WebSite\",\"@id\":\"https:\\\/\\\/cabb-chemicals.com\\\/#website\",\"url\":\"https:\\\/\\\/cabb-chemicals.com\\\/\",\"name\":\"CABB Chemicals\",\"description\":\"Your Partner in Fine Chemistry\",\"potentialAction\":[{\"@type\":\"SearchAction\",\"target\":{\"@type\":\"EntryPoint\",\"urlTemplate\":\"https:\\\/\\\/cabb-chemicals.com\\\/?s={search_term_string}\"},\"query-input\":{\"@type\":\"PropertyValueSpecification\",\"valueRequired\":true,\"valueName\":\"search_term_string\"}}],\"inLanguage\":\"de-DE\"},{\"@type\":\"Person\",\"@id\":\"https:\\\/\\\/cabb-chemicals.com\\\/#\\\/schema\\\/person\\\/083626bae3fdef4cd623265ab74ea2a8\",\"name\":\"Barbara Sulser\",\"image\":{\"@type\":\"ImageObject\",\"inLanguage\":\"de-DE\",\"@id\":\"https:\\\/\\\/secure.gravatar.com\\\/avatar\\\/f45839f9ec4c90c2ee158f00c7a29eb341812e32274790bef9eebc72a17f0e6b?s=96&d=mm&r=g\",\"url\":\"https:\\\/\\\/secure.gravatar.com\\\/avatar\\\/f45839f9ec4c90c2ee158f00c7a29eb341812e32274790bef9eebc72a17f0e6b?s=96&d=mm&r=g\",\"contentUrl\":\"https:\\\/\\\/secure.gravatar.com\\\/avatar\\\/f45839f9ec4c90c2ee158f00c7a29eb341812e32274790bef9eebc72a17f0e6b?s=96&d=mm&r=g\",\"caption\":\"Barbara Sulser\"},\"sameAs\":[\"http:\\\/\\\/www.cabb-chemicals.com\"],\"url\":\"https:\\\/\\\/cabb-chemicals.com\\\/de\\\/author\\\/bsulser\\\/\"}]}<\/script>\n<!-- \/ Yoast SEO plugin. -->","yoast_head_json":{"title":"CABB CEO in den Vorstand von scienceindustries gew\u00e4hlt - CABB Chemicals","robots":{"index":"index","follow":"follow","max-snippet":"max-snippet:-1","max-image-preview":"max-image-preview:large","max-video-preview":"max-video-preview:-1"},"canonical":"https:\/\/cabb-chemicals.com\/de\/cabb-ceo-in-den-vorstand-von-scienceindustries-gewaehlt\/","og_locale":"de_DE","og_type":"article","og_title":"CABB CEO in den Vorstand von scienceindustries gew\u00e4hlt - CABB Chemicals","og_description":"CABB ist ab sofort in herausgehobener Stellung im Schweizer Wirtschaftsverband\u00a0scienceindustries\u00a0pr\u00e4sent: CEO Valerie Diele-Braun wurde auf der Generalversammlung am 17. Mai in den Vorstand gew\u00e4hlt, gemeinsam mit Vertretern von Unternehmen wie BASF, Givaudan und Lonza. scienceindustries vertritt mehr als 250 in der Schweiz t\u00e4tige Unternehmen aus Chemie, Pharma, Life Sciences und anderen wissenschaftsbasierten Industrien, darunter gro\u00dfe [&hellip;]","og_url":"https:\/\/cabb-chemicals.com\/de\/cabb-ceo-in-den-vorstand-von-scienceindustries-gewaehlt\/","og_site_name":"CABB Chemicals","article_published_time":"2019-05-22T10:00:09+00:00","article_modified_time":"2023-09-12T21:23:43+00:00","og_image":[{"width":2560,"height":1707,"url":"https:\/\/cabb-chemicals.com\/wp-content\/uploads\/2021\/03\/Valerie-Diele-Braun-IPTC-scaled.jpg","type":"image\/jpeg"}],"author":"Barbara Sulser","twitter_card":"summary_large_image","twitter_misc":{"Verfasst von":"Barbara Sulser","Gesch\u00e4tzte Lesezeit":"1 Minute"},"schema":{"@context":"https:\/\/schema.org","@graph":[{"@type":"Article","@id":"https:\/\/cabb-chemicals.com\/de\/cabb-ceo-in-den-vorstand-von-scienceindustries-gewaehlt\/#article","isPartOf":{"@id":"https:\/\/cabb-chemicals.com\/de\/cabb-ceo-in-den-vorstand-von-scienceindustries-gewaehlt\/"},"author":{"name":"Barbara Sulser","@id":"https:\/\/cabb-chemicals.com\/#\/schema\/person\/083626bae3fdef4cd623265ab74ea2a8"},"headline":"CABB CEO in den Vorstand von scienceindustries gew\u00e4hlt","datePublished":"2019-05-22T10:00:09+00:00","dateModified":"2023-09-12T21:23:43+00:00","mainEntityOfPage":{"@id":"https:\/\/cabb-chemicals.com\/de\/cabb-ceo-in-den-vorstand-von-scienceindustries-gewaehlt\/"},"wordCount":165,"image":{"@id":"https:\/\/cabb-chemicals.com\/de\/cabb-ceo-in-den-vorstand-von-scienceindustries-gewaehlt\/#primaryimage"},"thumbnailUrl":"https:\/\/cabb-chemicals.com\/wp-content\/uploads\/2021\/03\/Valerie-Diele-Braun-IPTC-scaled.jpg","articleSection":["Pressemitteilung"],"inLanguage":"de-DE"},{"@type":"WebPage","@id":"https:\/\/cabb-chemicals.com\/de\/cabb-ceo-in-den-vorstand-von-scienceindustries-gewaehlt\/","url":"https:\/\/cabb-chemicals.com\/de\/cabb-ceo-in-den-vorstand-von-scienceindustries-gewaehlt\/","name":"CABB CEO in den Vorstand von scienceindustries gew\u00e4hlt - CABB Chemicals","isPartOf":{"@id":"https:\/\/cabb-chemicals.com\/#website"},"primaryImageOfPage":{"@id":"https:\/\/cabb-chemicals.com\/de\/cabb-ceo-in-den-vorstand-von-scienceindustries-gewaehlt\/#primaryimage"},"image":{"@id":"https:\/\/cabb-chemicals.com\/de\/cabb-ceo-in-den-vorstand-von-scienceindustries-gewaehlt\/#primaryimage"},"thumbnailUrl":"https:\/\/cabb-chemicals.com\/wp-content\/uploads\/2021\/03\/Valerie-Diele-Braun-IPTC-scaled.jpg","datePublished":"2019-05-22T10:00:09+00:00","dateModified":"2023-09-12T21:23:43+00:00","author":{"@id":"https:\/\/cabb-chemicals.com\/#\/schema\/person\/083626bae3fdef4cd623265ab74ea2a8"},"breadcrumb":{"@id":"https:\/\/cabb-chemicals.com\/de\/cabb-ceo-in-den-vorstand-von-scienceindustries-gewaehlt\/#breadcrumb"},"inLanguage":"de-DE","potentialAction":[{"@type":"ReadAction","target":["https:\/\/cabb-chemicals.com\/de\/cabb-ceo-in-den-vorstand-von-scienceindustries-gewaehlt\/"]}]},{"@type":"ImageObject","inLanguage":"de-DE","@id":"https:\/\/cabb-chemicals.com\/de\/cabb-ceo-in-den-vorstand-von-scienceindustries-gewaehlt\/#primaryimage","url":"https:\/\/cabb-chemicals.com\/wp-content\/uploads\/2021\/03\/Valerie-Diele-Braun-IPTC-scaled.jpg","contentUrl":"https:\/\/cabb-chemicals.com\/wp-content\/uploads\/2021\/03\/Valerie-Diele-Braun-IPTC-scaled.jpg","width":2560,"height":1707,"caption":"Valerie Diele-Braun ist Chief Executive Officer der CABB Group Valerie Diele-Braun is CABB Group's Chief Executive Officer"},{"@type":"BreadcrumbList","@id":"https:\/\/cabb-chemicals.com\/de\/cabb-ceo-in-den-vorstand-von-scienceindustries-gewaehlt\/#breadcrumb","itemListElement":[{"@type":"ListItem","position":1,"name":"Home","item":"https:\/\/cabb-chemicals.com\/de\/"},{"@type":"ListItem","position":2,"name":"CABB CEO in den Vorstand von scienceindustries gew\u00e4hlt"}]},{"@type":"WebSite","@id":"https:\/\/cabb-chemicals.com\/#website","url":"https:\/\/cabb-chemicals.com\/","name":"CABB Chemicals","description":"Your Partner in Fine Chemistry","potentialAction":[{"@type":"SearchAction","target":{"@type":"EntryPoint","urlTemplate":"https:\/\/cabb-chemicals.com\/?s={search_term_string}"},"query-input":{"@type":"PropertyValueSpecification","valueRequired":true,"valueName":"search_term_string"}}],"inLanguage":"de-DE"},{"@type":"Person","@id":"https:\/\/cabb-chemicals.com\/#\/schema\/person\/083626bae3fdef4cd623265ab74ea2a8","name":"Barbara Sulser","image":{"@type":"ImageObject","inLanguage":"de-DE","@id":"https:\/\/secure.gravatar.com\/avatar\/f45839f9ec4c90c2ee158f00c7a29eb341812e32274790bef9eebc72a17f0e6b?s=96&d=mm&r=g","url":"https:\/\/secure.gravatar.com\/avatar\/f45839f9ec4c90c2ee158f00c7a29eb341812e32274790bef9eebc72a17f0e6b?s=96&d=mm&r=g","contentUrl":"https:\/\/secure.gravatar.com\/avatar\/f45839f9ec4c90c2ee158f00c7a29eb341812e32274790bef9eebc72a17f0e6b?s=96&d=mm&r=g","caption":"Barbara Sulser"},"sameAs":["http:\/\/www.cabb-chemicals.com"],"url":"https:\/\/cabb-chemicals.com\/de\/author\/bsulser\/"}]}},"_links":{"self":[{"href":"https:\/\/cabb-chemicals.com\/de\/wp-json\/wp\/v2\/posts\/9710","targetHints":{"allow":["GET"]}}],"collection":[{"href":"https:\/\/cabb-chemicals.com\/de\/wp-json\/wp\/v2\/posts"}],"about":[{"href":"https:\/\/cabb-chemicals.com\/de\/wp-json\/wp\/v2\/types\/post"}],"author":[{"embeddable":true,"href":"https:\/\/cabb-chemicals.com\/de\/wp-json\/wp\/v2\/users\/3708"}],"replies":[{"embeddable":true,"href":"https:\/\/cabb-chemicals.com\/de\/wp-json\/wp\/v2\/comments?post=9710"}],"version-history":[{"count":0,"href":"https:\/\/cabb-chemicals.com\/de\/wp-json\/wp\/v2\/posts\/9710\/revisions"}],"wp:featuredmedia":[{"embeddable":true,"href":"https:\/\/cabb-chemicals.com\/de\/wp-json\/wp\/v2\/media\/9711"}],"wp:attachment":[{"href":"https:\/\/cabb-chemicals.com\/de\/wp-json\/wp\/v2\/media?parent=9710"}],"wp:term":[{"taxonomy":"category","embeddable":true,"href":"https:\/\/cabb-chemicals.com\/de\/wp-json\/wp\/v2\/categories?post=9710"},{"taxonomy":"post_tag","embeddable":true,"href":"https:\/\/cabb-chemicals.com\/de\/wp-json\/wp\/v2\/tags?post=9710"}],"curies":[{"name":"wp","href":"https:\/\/api.w.org\/{rel}","templated":true}]}}